{"id":18242,"date":"2023-07-28T07:40:34","date_gmt":"2023-07-28T07:40:34","guid":{"rendered":"https:\/\/probike.templaza.net\/?p=18242"},"modified":"2023-07-28T07:40:34","modified_gmt":"2023-07-28T07:40:34","slug":"a-guide-to-smooth-riding-through-the-winters","status":"publish","type":"post","link":"https:\/\/partnerbike.com\/index.php\/2023\/07\/28\/a-guide-to-smooth-riding-through-the-winters\/","title":{"rendered":"A Guide To Smooth Riding Through The Winters"},"content":{"rendered":"\n<p class=\"wp-block-paragraph\">Canyon-SRAM rider Ricarda Bauernfeind went solo with just under 36km to go and never looked back to win today&#8217;s Tour de France Femmes stage.<\/p>\n\n\n\n<p class=\"wp-block-paragraph\">Bauernfeind attacked on the C\u00f4te de Lagu\u00e9pie with Brit Claire Steels (Israel-Premier Tech-Roland) but soon distanced the British rider and took off solo.<\/p>\n\n\n\n<p class=\"wp-block-paragraph\">With co-operation in short supply in the reduced bunch behind she built a gap of 1-30 by 22km to go. Ace time trialist Marlen Reusser spent significant periods on the front of the bunch for her SD Worx team trying to create an opportunity for her team leader and yellow jersey holder Lotte Kopecky, but the gap remained stubborn and only reduced to 35 seconds.<\/p>\n\n\n\n<blockquote class=\"wp-block-quote is-layout-flow wp-block-quote-is-layout-flow\">\n<p class=\"wp-block-paragraph\">A wide, elasticated back panel offers a fantastic fit, even if you have a much narrower waist than hips, and the shorts are cut high around the back, to keep you covered in the riding position.<\/p>\n<cite>Maria Victory<\/cite><\/blockquote>\n\n\n\n<p class=\"wp-block-paragraph\">The legs are tapered and have hems shaped to accommodate knee pads and a long 15-inch inseam. Instead of poppers, the shorts fasten with a short zip and sliding clasp, which is very secure.<\/p>\n\n\n\n<h2 class=\"wp-block-heading\">62mm-deep DT Swiss wheels<\/h2>\n\n\n\n<ul class=\"wp-block-list\">\n<li>Frameset: Dare VSRu aero road (size 56cm)<\/li>\n\n\n\n<li>Groupset: Shimano Dura-Ace Di2 R9200 (54\/40t crankset, 11-34t cassette), CeramicSpeed UFO waxed chain<\/li>\n\n\n\n<li>Power meter: Shimano Dura-Ace FC-R9200-P<\/li>\n\n\n\n<li>Wheelset: DT Swiss ARC 1100 Dicut 62 disc brake<\/li>\n\n\n\n<li>Cycling computer: Garmin Edge 530\/540<\/li>\n\n\n\n<li>Tyres: Schwalbe Pro One TLE 25c (measured width 27.7mm)<\/li>\n\n\n\n<li>Bar\/stem: Dare AeroV1, 38cm handlebar width, 12cm stem length<\/li>\n<\/ul>\n\n\n\n<p class=\"wp-block-paragraph\">The Lite version of the popular SingleTrack II shorts features a familiar tailored fit and length with a \u2018barely there\u2019 feel, being lightweight and breathable without compromising durability. A zippered fly with a popper closure gives the shorts a clean look and elasticated Velcro adjuster tabs enable you to fine-tune the fit around the waist.<\/p>\n\n\n\n<p class=\"wp-block-paragraph\">There are three well-sized zippered pockets \u2013 two on the front and one on the rear. The high elastane content ensures stretch in all directions for an excellent fit, which can be altered via the adjuster tabs on the waistband.<\/p>\n\n\n\n<figure class=\"wp-block-gallery has-nested-images columns-default is-cropped wp-block-gallery-1 is-layout-flex wp-block-gallery-is-layout-flex\">\n<figure class=\"wp-block-image size-large\"><img fetchpriority=\"high\" decoding=\"async\" width=\"1024\" height=\"557\" data-id=\"18131\" src=\"https:\/\/partnerbike.com\/wp-content\/uploads\/2023\/07\/beau-runsten-mR-N67XjTHg-unsplash-1024x557.jpg\" alt=\"\" class=\"wp-image-18131\" srcset=\"https:\/\/partnerbike.com\/wp-content\/uploads\/2023\/07\/beau-runsten-mR-N67XjTHg-unsplash-1024x557.jpg 1024w, https:\/\/partnerbike.com\/wp-content\/uploads\/2023\/07\/beau-runsten-mR-N67XjTHg-unsplash-600x326.jpg 600w, https:\/\/partnerbike.com\/wp-content\/uploads\/2023\/07\/beau-runsten-mR-N67XjTHg-unsplash-300x163.jpg 300w, https:\/\/partnerbike.com\/wp-content\/uploads\/2023\/07\/beau-runsten-mR-N67XjTHg-unsplash-768x417.jpg 768w, https:\/\/partnerbike.com\/wp-content\/uploads\/2023\/07\/beau-runsten-mR-N67XjTHg-unsplash.jpg 1380w\" sizes=\"(max-width: 1024px) 100vw, 1024px\" \/><\/figure>\n\n\n\n<figure class=\"wp-block-image size-large is-style-default\"><img decoding=\"async\" width=\"1024\" height=\"565\" data-id=\"18142\" src=\"https:\/\/partnerbike.com\/wp-content\/uploads\/2023\/07\/maria-soledad-4-aRj5iMWSQ-unsplash-1024x565.jpg\" alt=\"\" class=\"wp-image-18142\" srcset=\"https:\/\/partnerbike.com\/wp-content\/uploads\/2023\/07\/maria-soledad-4-aRj5iMWSQ-unsplash-1024x565.jpg 1024w, https:\/\/partnerbike.com\/wp-content\/uploads\/2023\/07\/maria-soledad-4-aRj5iMWSQ-unsplash-600x331.jpg 600w, https:\/\/partnerbike.com\/wp-content\/uploads\/2023\/07\/maria-soledad-4-aRj5iMWSQ-unsplash-300x165.jpg 300w, https:\/\/partnerbike.com\/wp-content\/uploads\/2023\/07\/maria-soledad-4-aRj5iMWSQ-unsplash-768x424.jpg 768w, https:\/\/partnerbike.com\/wp-content\/uploads\/2023\/07\/maria-soledad-4-aRj5iMWSQ-unsplash.jpg 1380w\" sizes=\"(max-width: 1024px) 100vw, 1024px\" \/><\/figure>\n<\/figure>\n\n\n\n<p class=\"wp-block-paragraph\">As Bauernfeind crossed the line in Albi she clapped her hand over her mouth in disbelief.<\/p>\n\n\n\n<p class=\"wp-block-paragraph\">The Tour stage win is easily the biggest of her career. A talented climber, she notched up third at the Tour F\u00e9minin International des Pyr\u00e9n\u00e9es last year and took the young rider jersey in the process. She has also held the U23 German road race and time trial titles.<\/p>\n\n\n\n<p class=\"wp-block-paragraph\">She join\u2019s yesterday\u2019s stage winner Dutchwoman Yara Kastelijn (Fenix-Deceuninck) in claiming her first WorldTour win at this Tour. Kastelijn was also solo in her win into Rodez.<\/p>\n","protected":false},"excerpt":{"rendered":"<p>A riders union has called for motorbike drivers to take more care of rider safety, after a sequence of close passes at this year\u2019s Tour de France Femmes avec Zwift. <\/p>\n","protected":false},"author":1,"featured_media":18144,"comment_status":"open","ping_status":"open","sticky":false,"template":"","format":"standard","meta":{"footnotes":""},"categories":[20,23],"tags":[24,30,31],"class_list":["post-18242","post","type-post","status-publish","format-standard","has-post-thumbnail","hentry","category-kid-bikes","category-trekking-bikes","tag-bicycle","tag-news","tag-tourdefrance","layout-1","product-add-to-cart-ajax"],"_links":{"self":[{"href":"https:\/\/partnerbike.com\/index.php\/wp-json\/wp\/v2\/posts\/18242","targetHints":{"allow":["GET"]}}],"collection":[{"href":"https:\/\/partnerbike.com\/index.php\/wp-json\/wp\/v2\/posts"}],"about":[{"href":"https:\/\/partnerbike.com\/index.php\/wp-json\/wp\/v2\/types\/post"}],"author":[{"embeddable":true,"href":"https:\/\/partnerbike.com\/index.php\/wp-json\/wp\/v2\/users\/1"}],"replies":[{"embeddable":true,"href":"https:\/\/partnerbike.com\/index.php\/wp-json\/wp\/v2\/comments?post=18242"}],"version-history":[{"count":0,"href":"https:\/\/partnerbike.com\/index.php\/wp-json\/wp\/v2\/posts\/18242\/revisions"}],"wp:featuredmedia":[{"embeddable":true,"href":"https:\/\/partnerbike.com\/index.php\/wp-json\/wp\/v2\/media\/18144"}],"wp:attachment":[{"href":"https:\/\/partnerbike.com\/index.php\/wp-json\/wp\/v2\/media?parent=18242"}],"wp:term":[{"taxonomy":"category","embeddable":true,"href":"https:\/\/partnerbike.com\/index.php\/wp-json\/wp\/v2\/categories?post=18242"},{"taxonomy":"post_tag","embeddable":true,"href":"https:\/\/partnerbike.com\/index.php\/wp-json\/wp\/v2\/tags?post=18242"}],"curies":[{"name":"wp","href":"https:\/\/api.w.org\/{rel}","templated":true}]}}